{"id":1293,"date":"2016-12-16T15:24:18","date_gmt":"2016-12-16T13:24:18","guid":{"rendered":"https:\/\/juanantoniomorales.com\/?p=1293"},"modified":"2018-07-08T09:57:13","modified_gmt":"2018-07-08T07:57:13","slug":"segundo-comunicado-complementario-conjunto","status":"publish","type":"post","link":"https:\/\/juanantoniomorales.com\/?p=1293","title":{"rendered":"SEGUNDO COMUNICADO COMPLEMENTARIO CONJUNTO"},"content":{"rendered":"<p>Con el m\u00e1ximo respeto al primer comunicado redactado por el Partido Popular, en nombre de Juan A. Morales, queremos complementarlo con lo siguiente:<\/p>\n<p>1. Qu\u00e9 extra\u00f1a, que ante una invitaci\u00f3n, a t\u00edtulo personal de la Fundaci\u00f3n Francisco Franco, Asociaci\u00f3n legalmente constituida en Espa\u00f1a, e incluso, recibiendo subvenciones p\u00fablicas, se vea necesario la intervenci\u00f3n del Comit\u00e9 Regional de Derechos y Garant\u00edas de nuestro Partido.<\/p>\n<p>2. Contrasta esta actitud contra nuestras personas, Diputados del Partido Popular, aut\u00e9nticos dem\u00f3cratas y defensores a ultranza de las libertades de todos los ciudadanos, con otras actitudes, sin solicitud de \u201cInforme alguno\u201d, sobre \u201cQuema de la Bandera Nacional, Exhibici\u00f3n de Banderas No Constitucionales, Incumplimiento de la Constituci\u00f3n en Catalu\u00f1a, e incluso, el reconocimiento del funeral del Dictador de izquierdas, Fidel Castro\u2026\u201d. Ahora resulta que lo escandaloso es lo nuestro.<\/p>\n<p>3. Nuestra presencia en el acto de la Fundaci\u00f3n Francisco Franco, a t\u00edtulo personal, no ten\u00eda otro objeto, que una muestra de cortes\u00eda ante determinados abogados de esa Fundaci\u00f3n, en su ayuda para la redacci\u00f3n del Catalogo de Vestigios de la Dictadura, que tiene pendiente realizar el Ayuntamiento de Guadiana del Caudillo, y en ning\u00fan caso, apoyo de tipo alguno a la exaltaci\u00f3n del franquismo.<\/p>\n<p>Tambi\u00e9n por la defensa, de esos mismos abogados, ante las amenazas y coacciones del Presidente de la Diputaci\u00f3n de Badajoz, a los ciudadanos de peque\u00f1os pueblos de nuestra tierra, anteponiendo la persecuci\u00f3n a \u00e9stos pueblos, Guadiana del Caudillo y Villafranco del Guadiana, con los cuantiosos gastos \u2013M\u00e1s de 100.000 \u20acuros-, que estas acciones van a conllevar y el tiempo empleado en las mismas, a las muchas necesidades que existen en nuestra provincia y que viene a demostrar la forma de entender la pol\u00edtica del mencionado Presidente.<\/p>\n<p>4. Las acciones, que hasta este momento se han estado llevando a cabo, en defensa del mantenimiento de las denominaciones, tanto de Guadiana del Caudillo, como de Villafranco del Guadiana, han sido conocidas, en todo momento, por los miembros del Comit\u00e9 de Direcci\u00f3n Provincial del Partido Popular.<\/p>\n<p>5. Queremos recalcar nuestro trabajo diario por nuestro partido, sus afiliados y la gente, a lo largo y ancho de toda la provincia. Nuestra defensa de las libertades y valores democr\u00e1ticos y nuestro reconocimiento y aceptaci\u00f3n de la Constituci\u00f3n plena, lo cual, no impide nuestra libertad en el caminar por la vida, a veces con aciertos y otras veces con errores.<\/p>\n<p>6. Recordar las im\u00e1genes que vemos a diario en otros partidos pol\u00edticos, en sus relaciones con Dictaduras de otros Continentes y exaltaci\u00f3n de las mismas, incluso cobrando grandes cantidades de dinero de \u00e9stos reg\u00edmenes, Fotograf\u00edas en las Sedes de partidos con terroristas, Inclusi\u00f3n de Banderas Republicanas en manifestaciones, Reiteradas faltas de respeto a las instituciones del Estado, e incluso las manifestaciones p\u00fablicas de Altos Dirigentes con opiniones cr\u00edticas hacia las actuaciones de nuestro partido.<\/p>\n<p>7. Finalmente, queremos resaltar nuestra lealtad incondicional a nuestro partido y sus dirigentes y nuestra disposici\u00f3n a continuar trabajando, de forma incansable, a favor de nuestro pueblo extreme\u00f1o y de todas sus gentes, como lo hemos venido haciendo hasta ahora.<\/p>\n<p>Fdo.: Antonio Pozo Pitel y Juan A. Morales \u00c1lvarez.<\/p>\n","protected":false},"excerpt":{"rendered":"<p>Con el m\u00e1ximo respeto al primer comunicado redactado por el Partido Popular, en nombre de Juan A. Morales, queremos complementarlo con lo siguiente: 1. Qu\u00e9 extra\u00f1a, que ante una invitaci\u00f3n, a t\u00edtulo personal de la Fundaci\u00f3n Francisco Franco, Asociaci\u00f3n legalmente constituida en Espa\u00f1a, e incluso, recibiendo subvenciones p\u00fablicas, se vea&#8230; <\/p>\n","protected":false},"author":2,"featured_media":1294,"comment_status":"closed","ping_status":"closed","sticky":false,"template":"","format":"standard","meta":{"footnotes":""},"categories":[4],"tags":[],"class_list":["post-1293","post","type-post","status-publish","format-standard","has-post-thumbnail","hentry","category-blog"],"_links":{"self":[{"href":"https:\/\/juanantoniomorales.com\/index.php?rest_route=\/wp\/v2\/posts\/1293","targetHints":{"allow":["GET"]}}],"collection":[{"href":"https:\/\/juanantoniomorales.com\/index.php?rest_route=\/wp\/v2\/posts"}],"about":[{"href":"https:\/\/juanantoniomorales.com\/index.php?rest_route=\/wp\/v2\/types\/post"}],"author":[{"embeddable":true,"href":"https:\/\/juanantoniomorales.com\/index.php?rest_route=\/wp\/v2\/users\/2"}],"replies":[{"embeddable":true,"href":"https:\/\/juanantoniomorales.com\/index.php?rest_route=%2Fwp%2Fv2%2Fcomments&post=1293"}],"version-history":[{"count":4,"href":"https:\/\/juanantoniomorales.com\/index.php?rest_route=\/wp\/v2\/posts\/1293\/revisions"}],"predecessor-version":[{"id":1345,"href":"https:\/\/juanantoniomorales.com\/index.php?rest_route=\/wp\/v2\/posts\/1293\/revisions\/1345"}],"wp:featuredmedia":[{"embeddable":true,"href":"https:\/\/juanantoniomorales.com\/index.php?rest_route=\/wp\/v2\/media\/1294"}],"wp:attachment":[{"href":"https:\/\/juanantoniomorales.com\/index.php?rest_route=%2Fwp%2Fv2%2Fmedia&parent=1293"}],"wp:term":[{"taxonomy":"category","embeddable":true,"href":"https:\/\/juanantoniomorales.com\/index.php?rest_route=%2Fwp%2Fv2%2Fcategories&post=1293"},{"taxonomy":"post_tag","embeddable":true,"href":"https:\/\/juanantoniomorales.com\/index.php?rest_route=%2Fwp%2Fv2%2Ftags&post=1293"}],"curies":[{"name":"wp","href":"https:\/\/api.w.org\/{rel}","templated":true}]}}